{"id":4655,"date":"2017-10-30T12:56:00","date_gmt":"2017-10-30T12:56:00","guid":{"rendered":"https:\/\/aljovich.com\/en\/?p=4655"},"modified":"2022-10-28T13:06:09","modified_gmt":"2022-10-28T13:06:09","slug":"klimatyczna-sesja-komercyjna","status":"publish","type":"post","link":"https:\/\/aljovich.com\/en\/blog\/2017\/10\/30\/klimatyczna-sesja-komercyjna\/","title":{"rendered":"No\u015b odblaski! Daj si\u0119 zobaczy\u0107! Nie daj si\u0119 zabi\u0107!"},"content":{"rendered":"<p><\/p><h2 class=\"wp-block-post-title\">No\u015b odblaski! Daj si\u0119 zobaczy\u0107! Nie daj si\u0119 zabi\u0107!<\/h2><p><iframe loading=\"lazy\" title=\"No\u015b odblaski! Daj si\u0119 zobaczy\u0107! Nie daj si\u0119 zabi\u0107!\" width=\"500\" height=\"281\" src=\"https:\/\/www.youtube.com\/embed\/TUYki0-UzIU?feature=oembed\" frameborder=\"0\" allow=\"accelerometer; autoplay; clipboard-write; encrypted-media; gyroscope; picture-in-picture; web-share\" referrerpolicy=\"strict-origin-when-cross-origin\" allowfullscreen><\/iframe><\/p><h6 class=\"wp-block-heading\">&nbsp;<\/h6><h6 class=\"wp-block-heading\"><\/h6><p>Ko\u0144cem wrze\u015bnia bie\u017c\u0105cego roku skontaktowa\u0142a si\u0119 ze mn\u0105 redakcja portalu &#8220;<strong><a href=\"http:\/\/bielskiedrogi.pl\/\">Bielskie Drogi<\/a><\/strong>&#8220;. Us\u0142ysza\u0142em o inicjatywie stworzenia spotu promuj\u0105cego noszenie odblask\u00f3w przez pieszych i zaproponowano mi przy\u0142\u0105czenie si\u0119 do tego projektu. Trudno by\u0142o si\u0119 nie zgodzi\u0107.<\/p><p>Po kilku dniach od pierwszej rozmowy przygotowa\u0142em scenariusz i zabrali\u015bmy si\u0119 za przygotowania do zdj\u0119\u0107. Czasu by\u0142o ma\u0142o, gdy\u017c spot mia\u0142 ujrze\u0107 \u015bwiat\u0142o dzienne ostatniego dnia pa\u017adziernika.&nbsp;Realizacja zdj\u0119\u0107 mia\u0142a miejsce 14 pa\u017adziernika, czyli ju\u017c po 2 tygodniach, to do\u015b\u0107 szalony plan, bior\u0105c pod uwag\u0119, \u017ce faza developementu trwa zazwyczaj ok 2 miesi\u0119cy, ale wsp\u00f3lnymi si\u0142ami uda\u0142o nam si\u0119 dopi\u0105\u0107 wszystko na ostatni guzik.<\/p><div class=\"wp-block-image\"><figure class=\"aligncenter\"><img decoding=\"async\" src=\"https:\/\/aljovich.com\/en\/wp-content\/uploads\/sites\/2\/2017\/10\/asa-1024x730.jpg\" alt=\"\" class=\"wp-image-2594\"\/><\/figure><\/div><p><a href=\"https:\/\/www.facebook.com\/barbaragrubkaphoto\/\">fot. Barbara Grubka&nbsp;<\/a><\/p><p>W mi\u0119dzyczasie musieli\u015bmy odpowiedzie\u0107 sobie na pytanie &#8220;Jak pokaza\u0107 brak odblask\u00f3w?&#8221;. Nie by\u0142o to \u0142atwe zadanie, gdy\u017c u\u017cycie o\u015bwietlenia na planie filmowym sprawi\u0142oby, \u017ce pieszy bez odblask\u00f3w by\u0142by doskonale widoczny co zepsu\u0142oby efekt, natomiast brak jakiegokolwiek o\u015bwietlenia skutkowa\u0142by po prostu czarnym ekranem. Finalnie uda\u0142o nam si\u0119 znale\u017a\u0107 do\u015b\u0107 proste rozwi\u0105zanie, dzi\u0119ki kt\u00f3remu doskonale wida\u0107 r\u00f3\u017cnic\u0119 pomi\u0119dzy pieszym z odblaskami a pieszym bez odblask\u00f3w. Wykorzystali\u015bmy o\u015bwietlenie kontrowe by wyra\u017anie pokaza\u0107 pozycj\u0119 obojga pieszych a nast\u0119pnie skonfrontowali\u015bmy je z uj\u0119ciem przeciwstawnym z perspektywy kierowcy przy u\u017cyciu wy\u0142\u0105cznie lamp samochodowych. Dzi\u0119ki takiemu zabiegowi uda\u0142o si\u0119 precyzyjnie odtworzy\u0107 warunki o\u015bwietleniowe panuj\u0105ce w takich sytuacjach i przekaza\u0107 widzom, \u017ce:<\/p><h4 class=\"wp-block-heading\">Pieszy widzi samoch\u00f3d z o wiele wi\u0119kszej odleg\u0142o\u015bci ni\u017c kierowca widzi pieszego!<\/h4><p>Wracaj\u0105c do realizacji zdj\u0119\u0107. Tym razem pracowali\u015bmy z naturszczykami. By\u0142 to kolejny element, o kt\u00f3ry si\u0119 obawiali\u015bmy, ale wszyscy, zar\u00f3wno dzieci jak i Mariola, byli bardzo naturalni. Nie obesz\u0142o si\u0119 bez stosowania przeze mnie r\u00f3\u017cnych sztuczek, o kt\u00f3rych Mariola zapewne wola\u0142aby zapomnie\u0107, ale jestem bardzo zadowolony z efektu i zaanga\u017cowania z ich strony, a tak\u017ce zaufania jakim obdarzyli mnie i ca\u0142\u0105 ekip\u0119.<\/p><p>Na planie pojawi\u0142y si\u0119 prawdziwe s\u0142u\u017cby: stra\u017c po\u017carna, policja oraz pogotowie, dzi\u0119ki czemu nie tylko uda\u0142o si\u0119 znacz\u0105co podnie\u015b\u0107 warto\u015b\u0107 produkcji, ale tak\u017ce dysponowali\u015bmy na planie mas\u0105 bardzo do\u015bwiadczonych os\u00f3b, kt\u00f3re doskonale wiedzia\u0142y jak wygl\u0105daj\u0105 sytuacje jak ta przedstawiona w filmie.<\/p><p>Pytanie, b\u0105d\u017a te\u017c zarzut, jaki cz\u0119sto pada pod adresem naszego filmu brzmi &#8220;Dlaczego dzieci sz\u0142y z\u0142\u0105 stron\u0105 drogi?&#8221;. Ot\u00f3\u017c wystarczy nieco uwa\u017cniej ogl\u0105da\u0107 film by dostrzec, \u017ce z ich punktu widzenia taka droga jest kr\u00f3tsza i wyb\u00f3r jakiego dokonuj\u0105 trzymaj\u0105c si\u0119 prawej strony jezdni jest logicznie uzasadniony. Na filmie widzimy, \u017ce dzieci wysiadaj\u0105 na przystanku autobusowym, kt\u00f3ry znajduje si\u0119 po prawej stronie, natomiast w ostatniej scenie ich matka po wyj\u015bciu z domu pojawia si\u0119 r\u00f3wnie\u017c po prawej stronie jezdni. Mo\u017cemy przyj\u0105\u0107, \u017ce odleg\u0142o\u015b\u0107 od przystanku do zej\u015bcia na dr\u00f3\u017ck\u0119 prowadz\u0105c\u0105 do domu wynosi oko\u0142o 200 metr\u00f3w. Jaki zatem sens mia\u0142oby przechodzenie na lew\u0105 stron\u0119 jezdni (w miejscu gdzie nie ma przej\u015bcia dla pieszych), nast\u0119pnie przej\u015bcie tych 200 metr\u00f3w by wr\u00f3ci\u0107 z powrotem na praw\u0105 stron\u0119 i to w miejscu, w kt\u00f3rym nie do\u015b\u0107, \u017ce r\u00f3wnie\u017c nie ma przej\u015bcia to jeszcze nie ma \u017cadnego o\u015bwietlenia? Czy dzieci naprawd\u0119 porusza\u0142y si\u0119 z\u0142\u0105 stron\u0105? Uwa\u017camy, \u017ce pytanie jakie nale\u017cy postawi\u0107 w tym przypadku to: czy odcinek drogi by\u0142 odpowiednio przygotowany do ruchu pieszych? Niezale\u017cnie od tego w jaki spos\u00f3b odpowiecie na te pytania, jedno jest pewne, gdyby nasz ma\u0142y bohater mia\u0142 elementy odblaskowe to kierowca by go w por\u0119 zauwa\u017cy\u0142.<\/p><div class=\"wp-block-image\"><figure class=\"aligncenter\"><img decoding=\"async\" src=\"https:\/\/aljovich.com\/en\/wp-content\/uploads\/sites\/2\/2017\/10\/ass-1024x730.jpg\" alt=\"\" class=\"wp-image-2595\"\/><\/figure><\/div><p><a href=\"https:\/\/www.facebook.com\/barbaragrubkaphoto\/\">fot. Barbara Grubka&nbsp;<\/a><\/p><p>Charakteryzacj\u0105 zaj\u0105\u0142 si\u0119 Kamil Radecki z <a href=\"http:\/\/www.fearworkshop.pl\/\"><strong>Fear<\/strong> <strong>Worskshop<\/strong><\/a><strong>.<\/strong><\/p><p>Postprodukcja obrazu zosta\u0142a wykonana w moim studio, natomiast d\u017awi\u0119ku w niezawodnym <a href=\"http:\/\/34udgs.pl\/\"><strong>3\/4<\/strong> <strong>Underground Studio<\/strong><\/a> pod kierunkiem Bartka Kasowskiego.<\/p><p>Asystenci re\u017cysera: Kamil Urba\u0144czyk i Maksymilian Bednarz.<\/p><figure class=\"wp-block-image\"><img decoding=\"async\" src=\"https:\/\/aljovich.com\/en\/wp-content\/uploads\/sites\/2\/2017\/10\/30-1024x755.jpg\" alt=\"\" class=\"wp-image-2598\"\/><\/figure><p><a href=\"https:\/\/www.facebook.com\/barbaragrubkaphoto\/\">fot. Barbara Grubka&nbsp;<\/a><\/p><p>Sponsorzy akcji<\/p><p><strong><a href=\"https:\/\/redrive.it\/\">ReDrive&nbsp;<\/a><\/strong><\/p><p><strong><a href=\"http:\/\/www.magurka.com.pl\">Peugeot Magurka<\/a><\/strong><\/p><p><strong><a href=\"http:\/\/www.nowe-opony.pl\">Top-Gum Nowe-Opony.pl&nbsp;<\/a><\/strong><\/p><p>Podzi\u0119kowania za wsp\u00f3\u0142prac\u0119 dla Komendy Miejskiej Policji w Bielsku-Bia\u0142ej, a w szczeg\u00f3lno\u015bci dla: &nbsp;podkom. Krzysztofa Stankiewicza oraz&nbsp; m\u0142. asp. Ilony Michalczyk<\/p><p>Podzi\u0119kowania za pomoc podczas realizacji spotu filmowego. dla Ochotniczej Stra\u017cy Po\u017carnej w Starym Bielsku i Ochotniczej Stra\u017cy Po\u017carnej w Mnichu.<\/p><p>Podzi\u0119kowania za pomoc podczas realizacji spotu filmowego dla Prywatnego Pogotowia Ratunkowego w Bielsku-Bia\u0142ej.<\/p><p>Podzi\u0119kowania za pomoc podczas realizacji spotu filmowego dla dyrekcji Miejskiego Zak\u0142adu Komunikacyjnego w Bielsku-Bia\u0142ej.<\/p><p>Podzi\u0119kowania dla <a href=\"https:\/\/www.facebook.com\/barbaragrubkaphoto\/\">Barbary Grubki<\/a> za wykonanie fotorelacji z planu zdj\u0119ciowego i wykonanie zdj\u0119\u0107 promocyjnych.<\/p><p>&nbsp;<strong>Wyst\u0105pili:&nbsp;<\/strong><\/p><p><em>Ch\u0142opczyk<\/em>&nbsp; &nbsp; &nbsp; &nbsp; Sebastian Jaworski<\/p><p><em>Dziewczynka&nbsp; &nbsp;&nbsp;<\/em> Oliwia Dudziak<\/p><p><em>Matka<\/em>&nbsp; &nbsp; &nbsp;Mariola Jaworska<\/p><p><em>Kierowca<\/em> <em>Renault<\/em>&nbsp; &nbsp; &nbsp;Grzegorz Jaworski<\/p><p><em>Kierowca autobusu MZK&nbsp; &nbsp;&nbsp;<\/em> Marcin Boguniowski<\/p><p><em>Policjantka<\/em>&nbsp; &nbsp; &nbsp;m\u0142.asp. Ilona Michalczyk<\/p><p><em>Ratownik Medyczny 1<\/em>&nbsp; &nbsp; &nbsp;Czes\u0142aw Jurewicz<\/p><p><em>Ratownik Medyczny 2<\/em>&nbsp; &nbsp; &nbsp;Kajetan Kasperek<\/p><p><strong>Ochotnicza Stra\u017c Po\u017carna Mnich:&nbsp;<\/strong><\/p><p>Artur \u015amieja<\/p><p>Bartosz Bia\u0142as<\/p><p>Kamil \u015awi\u0119czyk<\/p><p>Mateusz Le\u015bniak<\/p><p>Patryk Faruga<\/p><p><strong>Ochotnicza Stra\u017c Po\u017carna Stare Bielsko:<\/strong><\/p><p>Adrian Mikler<\/p><p>Alex Mikler<\/p><p>Dawid Soko\u0142owski<\/p><p>Tomasz Dudka<\/p><p>Rafa\u0142 Drelich<\/p><p>Grzegorz Broszczak<\/p><p>Piotr Dylak<\/p><div class=\"wp-block-image\"><figure class=\"aligncenter\"><img decoding=\"async\" src=\"https:\/\/aljovich.com\/en\/wp-content\/uploads\/sites\/2\/2017\/10\/as-1024x730.jpg\" alt=\"\" class=\"wp-image-2586\"\/><\/figure><\/div><p><a href=\"https:\/\/www.facebook.com\/barbaragrubkaphoto\/\">fot. Barbara Grubka&nbsp;<\/a><\/p>","protected":false},"excerpt":{"rendered":"<p>&nbsp; Ko\u0144cem wrze\u015bnia bie\u017c\u0105cego roku skontaktowa\u0142a si\u0119 ze mn\u0105 redakcja portalu &#8220;Bielskie Drogi&#8220;. Us\u0142ysza\u0142em o inicjatywie stworzenia spotu promuj\u0105cego noszenie odblask\u00f3w przez pieszych i zaproponowano&#8230;<\/p>\n","protected":false},"author":2,"featured_media":4035,"comment_status":"open","ping_status":"open","sticky":false,"template":"","format":"standard","meta":{"footnotes":""},"categories":[312],"tags":[],"class_list":["post-4655","post","type-post","status-publish","format-standard","has-post-thumbnail","hentry","category-film-production"],"yoast_head":"<!-- This site is optimized with the Yoast SEO plugin v25.6 - https:\/\/yoast.com\/wordpress\/plugins\/seo\/ -->\n<title>No\u015b odblaski! Daj si\u0119 zobaczy\u0107! Nie daj si\u0119 zabi\u0107! - Adam Aljovich EN<\/title>\n<meta name=\"robots\" content=\"index, follow, max-snippet:-1, max-image-preview:large, max-video-preview:-1\" \/>\n<link rel=\"canonical\" href=\"https:\/\/aljovich.com\/en\/blog\/2017\/10\/30\/klimatyczna-sesja-komercyjna\/\" \/>\n<meta property=\"og:locale\" content=\"en_GB\" \/>\n<meta property=\"og:type\" content=\"article\" \/>\n<meta property=\"og:title\" content=\"No\u015b odblaski! Daj si\u0119 zobaczy\u0107! Nie daj si\u0119 zabi\u0107! - Adam Aljovich EN\" \/>\n<meta property=\"og:description\" content=\"&nbsp; Ko\u0144cem wrze\u015bnia bie\u017c\u0105cego roku skontaktowa\u0142a si\u0119 ze mn\u0105 redakcja portalu &#8220;Bielskie Drogi&#8220;. Us\u0142ysza\u0142em o inicjatywie stworzenia spotu promuj\u0105cego noszenie odblask\u00f3w przez pieszych i zaproponowano...\" \/>\n<meta property=\"og:url\" content=\"https:\/\/aljovich.com\/en\/blog\/2017\/10\/30\/klimatyczna-sesja-komercyjna\/\" \/>\n<meta property=\"og:site_name\" content=\"Adam Aljovich EN\" \/>\n<meta property=\"article:published_time\" content=\"2017-10-30T12:56:00+00:00\" \/>\n<meta property=\"article:modified_time\" content=\"2022-10-28T13:06:09+00:00\" \/>\n<meta property=\"og:image\" content=\"https:\/\/aljovich.com\/en\/wp-content\/uploads\/sites\/2\/2022\/10\/nos-odblaski.jpg\" \/>\n\t<meta property=\"og:image:width\" content=\"1024\" \/>\n\t<meta property=\"og:image:height\" content=\"576\" \/>\n\t<meta property=\"og:image:type\" content=\"image\/jpeg\" \/>\n<meta name=\"author\" content=\"adam\" \/>\n<meta name=\"twitter:card\" content=\"summary_large_image\" \/>\n<meta name=\"twitter:label1\" content=\"Written by\" \/>\n\t<meta name=\"twitter:data1\" content=\"adam\" \/>\n\t<meta name=\"twitter:label2\" content=\"Estimated reading time\" \/>\n\t<meta name=\"twitter:data2\" content=\"6 minutes\" \/>\n<script type=\"application\/ld+json\" class=\"yoast-schema-graph\">{\"@context\":\"https:\/\/schema.org\",\"@graph\":[{\"@type\":\"WebPage\",\"@id\":\"https:\/\/aljovich.com\/en\/blog\/2017\/10\/30\/klimatyczna-sesja-komercyjna\/\",\"url\":\"https:\/\/aljovich.com\/en\/blog\/2017\/10\/30\/klimatyczna-sesja-komercyjna\/\",\"name\":\"No\u015b odblaski! Daj si\u0119 zobaczy\u0107! Nie daj si\u0119 zabi\u0107! - Adam Aljovich EN\",\"isPartOf\":{\"@id\":\"https:\/\/aljovich.com\/en\/#website\"},\"primaryImageOfPage\":{\"@id\":\"https:\/\/aljovich.com\/en\/blog\/2017\/10\/30\/klimatyczna-sesja-komercyjna\/#primaryimage\"},\"image\":{\"@id\":\"https:\/\/aljovich.com\/en\/blog\/2017\/10\/30\/klimatyczna-sesja-komercyjna\/#primaryimage\"},\"thumbnailUrl\":\"https:\/\/aljovich.com\/en\/wp-content\/uploads\/sites\/2\/2022\/10\/nos-odblaski.jpg\",\"datePublished\":\"2017-10-30T12:56:00+00:00\",\"dateModified\":\"2022-10-28T13:06:09+00:00\",\"author\":{\"@id\":\"https:\/\/aljovich.com\/en\/#\/schema\/person\/95b3365c2589f4606108435baf6f8427\"},\"breadcrumb\":{\"@id\":\"https:\/\/aljovich.com\/en\/blog\/2017\/10\/30\/klimatyczna-sesja-komercyjna\/#breadcrumb\"},\"inLanguage\":\"en-GB\",\"potentialAction\":[{\"@type\":\"ReadAction\",\"target\":[\"https:\/\/aljovich.com\/en\/blog\/2017\/10\/30\/klimatyczna-sesja-komercyjna\/\"]}]},{\"@type\":\"ImageObject\",\"inLanguage\":\"en-GB\",\"@id\":\"https:\/\/aljovich.com\/en\/blog\/2017\/10\/30\/klimatyczna-sesja-komercyjna\/#primaryimage\",\"url\":\"https:\/\/aljovich.com\/en\/wp-content\/uploads\/sites\/2\/2022\/10\/nos-odblaski.jpg\",\"contentUrl\":\"https:\/\/aljovich.com\/en\/wp-content\/uploads\/sites\/2\/2022\/10\/nos-odblaski.jpg\",\"width\":1024,\"height\":576},{\"@type\":\"BreadcrumbList\",\"@id\":\"https:\/\/aljovich.com\/en\/blog\/2017\/10\/30\/klimatyczna-sesja-komercyjna\/#breadcrumb\",\"itemListElement\":[{\"@type\":\"ListItem\",\"position\":1,\"name\":\"Strona g\u0142\u00f3wna\",\"item\":\"https:\/\/aljovich.com\/en\/\"},{\"@type\":\"ListItem\",\"position\":2,\"name\":\"No\u015b odblaski! Daj si\u0119 zobaczy\u0107! Nie daj si\u0119 zabi\u0107!\"}]},{\"@type\":\"WebSite\",\"@id\":\"https:\/\/aljovich.com\/en\/#website\",\"url\":\"https:\/\/aljovich.com\/en\/\",\"name\":\"Adam Aljovich EN\",\"description\":\"Director | Photographer\",\"potentialAction\":[{\"@type\":\"SearchAction\",\"target\":{\"@type\":\"EntryPoint\",\"urlTemplate\":\"https:\/\/aljovich.com\/en\/?s={search_term_string}\"},\"query-input\":{\"@type\":\"PropertyValueSpecification\",\"valueRequired\":true,\"valueName\":\"search_term_string\"}}],\"inLanguage\":\"en-GB\"},{\"@type\":\"Person\",\"@id\":\"https:\/\/aljovich.com\/en\/#\/schema\/person\/95b3365c2589f4606108435baf6f8427\",\"name\":\"adam\",\"image\":{\"@type\":\"ImageObject\",\"inLanguage\":\"en-GB\",\"@id\":\"https:\/\/aljovich.com\/en\/#\/schema\/person\/image\/\",\"url\":\"https:\/\/secure.gravatar.com\/avatar\/e0dd54180ff7c55fc99274318719cef6?s=96&d=mm&r=g\",\"contentUrl\":\"https:\/\/secure.gravatar.com\/avatar\/e0dd54180ff7c55fc99274318719cef6?s=96&d=mm&r=g\",\"caption\":\"adam\"},\"url\":\"https:\/\/aljovich.com\/en\/blog\/author\/adam\/\"}]}<\/script>\n<!-- \/ Yoast SEO plugin. -->","yoast_head_json":{"title":"No\u015b odblaski! Daj si\u0119 zobaczy\u0107! Nie daj si\u0119 zabi\u0107! - Adam Aljovich EN","robots":{"index":"index","follow":"follow","max-snippet":"max-snippet:-1","max-image-preview":"max-image-preview:large","max-video-preview":"max-video-preview:-1"},"canonical":"https:\/\/aljovich.com\/en\/blog\/2017\/10\/30\/klimatyczna-sesja-komercyjna\/","og_locale":"en_GB","og_type":"article","og_title":"No\u015b odblaski! Daj si\u0119 zobaczy\u0107! Nie daj si\u0119 zabi\u0107! - Adam Aljovich EN","og_description":"&nbsp; Ko\u0144cem wrze\u015bnia bie\u017c\u0105cego roku skontaktowa\u0142a si\u0119 ze mn\u0105 redakcja portalu &#8220;Bielskie Drogi&#8220;. Us\u0142ysza\u0142em o inicjatywie stworzenia spotu promuj\u0105cego noszenie odblask\u00f3w przez pieszych i zaproponowano...","og_url":"https:\/\/aljovich.com\/en\/blog\/2017\/10\/30\/klimatyczna-sesja-komercyjna\/","og_site_name":"Adam Aljovich EN","article_published_time":"2017-10-30T12:56:00+00:00","article_modified_time":"2022-10-28T13:06:09+00:00","og_image":[{"width":1024,"height":576,"url":"https:\/\/aljovich.com\/en\/wp-content\/uploads\/sites\/2\/2022\/10\/nos-odblaski.jpg","type":"image\/jpeg"}],"author":"adam","twitter_card":"summary_large_image","twitter_misc":{"Written by":"adam","Estimated reading time":"6 minutes"},"schema":{"@context":"https:\/\/schema.org","@graph":[{"@type":"WebPage","@id":"https:\/\/aljovich.com\/en\/blog\/2017\/10\/30\/klimatyczna-sesja-komercyjna\/","url":"https:\/\/aljovich.com\/en\/blog\/2017\/10\/30\/klimatyczna-sesja-komercyjna\/","name":"No\u015b odblaski! Daj si\u0119 zobaczy\u0107! Nie daj si\u0119 zabi\u0107! - Adam Aljovich EN","isPartOf":{"@id":"https:\/\/aljovich.com\/en\/#website"},"primaryImageOfPage":{"@id":"https:\/\/aljovich.com\/en\/blog\/2017\/10\/30\/klimatyczna-sesja-komercyjna\/#primaryimage"},"image":{"@id":"https:\/\/aljovich.com\/en\/blog\/2017\/10\/30\/klimatyczna-sesja-komercyjna\/#primaryimage"},"thumbnailUrl":"https:\/\/aljovich.com\/en\/wp-content\/uploads\/sites\/2\/2022\/10\/nos-odblaski.jpg","datePublished":"2017-10-30T12:56:00+00:00","dateModified":"2022-10-28T13:06:09+00:00","author":{"@id":"https:\/\/aljovich.com\/en\/#\/schema\/person\/95b3365c2589f4606108435baf6f8427"},"breadcrumb":{"@id":"https:\/\/aljovich.com\/en\/blog\/2017\/10\/30\/klimatyczna-sesja-komercyjna\/#breadcrumb"},"inLanguage":"en-GB","potentialAction":[{"@type":"ReadAction","target":["https:\/\/aljovich.com\/en\/blog\/2017\/10\/30\/klimatyczna-sesja-komercyjna\/"]}]},{"@type":"ImageObject","inLanguage":"en-GB","@id":"https:\/\/aljovich.com\/en\/blog\/2017\/10\/30\/klimatyczna-sesja-komercyjna\/#primaryimage","url":"https:\/\/aljovich.com\/en\/wp-content\/uploads\/sites\/2\/2022\/10\/nos-odblaski.jpg","contentUrl":"https:\/\/aljovich.com\/en\/wp-content\/uploads\/sites\/2\/2022\/10\/nos-odblaski.jpg","width":1024,"height":576},{"@type":"BreadcrumbList","@id":"https:\/\/aljovich.com\/en\/blog\/2017\/10\/30\/klimatyczna-sesja-komercyjna\/#breadcrumb","itemListElement":[{"@type":"ListItem","position":1,"name":"Strona g\u0142\u00f3wna","item":"https:\/\/aljovich.com\/en\/"},{"@type":"ListItem","position":2,"name":"No\u015b odblaski! Daj si\u0119 zobaczy\u0107! Nie daj si\u0119 zabi\u0107!"}]},{"@type":"WebSite","@id":"https:\/\/aljovich.com\/en\/#website","url":"https:\/\/aljovich.com\/en\/","name":"Adam Aljovich EN","description":"Director | Photographer","potentialAction":[{"@type":"SearchAction","target":{"@type":"EntryPoint","urlTemplate":"https:\/\/aljovich.com\/en\/?s={search_term_string}"},"query-input":{"@type":"PropertyValueSpecification","valueRequired":true,"valueName":"search_term_string"}}],"inLanguage":"en-GB"},{"@type":"Person","@id":"https:\/\/aljovich.com\/en\/#\/schema\/person\/95b3365c2589f4606108435baf6f8427","name":"adam","image":{"@type":"ImageObject","inLanguage":"en-GB","@id":"https:\/\/aljovich.com\/en\/#\/schema\/person\/image\/","url":"https:\/\/secure.gravatar.com\/avatar\/e0dd54180ff7c55fc99274318719cef6?s=96&d=mm&r=g","contentUrl":"https:\/\/secure.gravatar.com\/avatar\/e0dd54180ff7c55fc99274318719cef6?s=96&d=mm&r=g","caption":"adam"},"url":"https:\/\/aljovich.com\/en\/blog\/author\/adam\/"}]}},"_links":{"self":[{"href":"https:\/\/aljovich.com\/en\/wp-json\/wp\/v2\/posts\/4655"}],"collection":[{"href":"https:\/\/aljovich.com\/en\/wp-json\/wp\/v2\/posts"}],"about":[{"href":"https:\/\/aljovich.com\/en\/wp-json\/wp\/v2\/types\/post"}],"author":[{"embeddable":true,"href":"https:\/\/aljovich.com\/en\/wp-json\/wp\/v2\/users\/2"}],"replies":[{"embeddable":true,"href":"https:\/\/aljovich.com\/en\/wp-json\/wp\/v2\/comments?post=4655"}],"version-history":[{"count":4,"href":"https:\/\/aljovich.com\/en\/wp-json\/wp\/v2\/posts\/4655\/revisions"}],"predecessor-version":[{"id":4660,"href":"https:\/\/aljovich.com\/en\/wp-json\/wp\/v2\/posts\/4655\/revisions\/4660"}],"wp:featuredmedia":[{"embeddable":true,"href":"https:\/\/aljovich.com\/en\/wp-json\/wp\/v2\/media\/4035"}],"wp:attachment":[{"href":"https:\/\/aljovich.com\/en\/wp-json\/wp\/v2\/media?parent=4655"}],"wp:term":[{"taxonomy":"category","embeddable":true,"href":"https:\/\/aljovich.com\/en\/wp-json\/wp\/v2\/categories?post=4655"},{"taxonomy":"post_tag","embeddable":true,"href":"https:\/\/aljovich.com\/en\/wp-json\/wp\/v2\/tags?post=4655"}],"curies":[{"name":"wp","href":"https:\/\/api.w.org\/{rel}","templated":true}]}}